{"id":13197,"date":"2022-05-26T10:20:40","date_gmt":"2022-05-26T08:20:40","guid":{"rendered":"https:\/\/www.gaggio.net\/gaggio-wird-am-salone-del-mobile-2022-teilnehmen\/"},"modified":"2022-05-26T10:20:43","modified_gmt":"2022-05-26T08:20:43","slug":"gaggio-wird-am-salone-del-mobile-2022-teilnehmen","status":"publish","type":"post","link":"https:\/\/www.gaggio.net\/de\/gaggio-wird-am-salone-del-mobile-2022-teilnehmen\/","title":{"rendered":"Gaggio wird am Salone del Mobile 2022 teilnehmen"},"content":{"rendered":"<p>[et_pb_section fb_built=&#8220;1&#8243; custom_padding_last_edited=&#8220;on|tablet&#8220; _builder_version=&#8220;4.4.8&#8243; custom_margin=&#8220;0px||0px||true|false&#8220; custom_padding_tablet=&#8220;||||false|false&#8220; custom_padding_phone=&#8220;&#8220; global_colors_info=&#8220;{}&#8220;][et_pb_row custom_padding_last_edited=&#8220;on|phone&#8220; _builder_version=&#8220;4.4.8&#8243; custom_padding=&#8220;200px||||false|false&#8220; custom_padding_tablet=&#8220;100px||||false|false&#8220; custom_padding_phone=&#8220;&#8220; global_colors_info=&#8220;{}&#8220;][et_pb_column type=&#8220;4_4&#8243; _builder_version=&#8220;4.4.1&#8243; global_colors_info=&#8220;{}&#8220;][et_pb_post_title title=&#8220;off&#8220; author=&#8220;off&#8220; date_format=&#8220;j M, Y&#8220; categories=&#8220;off&#8220; comments=&#8220;off&#8220; featured_image=&#8220;off&#8220; _builder_version=&#8220;4.4.8&#8243; title_font=&#8220;|700|||||||&#8220; title_font_size=&#8220;60px&#8220; meta_font=&#8220;|300||on|||||&#8220; text_orientation=&#8220;center&#8220; width=&#8220;900px&#8220; width_tablet=&#8220;100%&#8220; width_phone=&#8220;100%&#8220; width_last_edited=&#8220;on|tablet&#8220; module_alignment=&#8220;center&#8220; global_colors_info=&#8220;{}&#8220;][\/et_pb_post_title][et_pb_post_title meta=&#8220;off&#8220; date_format=&#8220;j M, Y&#8220; featured_image=&#8220;off&#8220; _builder_version=&#8220;4.4.8&#8243; title_font=&#8220;|700|||||||&#8220; title_font_size=&#8220;60px&#8220; meta_font=&#8220;|300||on|||||&#8220; text_orientation=&#8220;center&#8220; width=&#8220;900px&#8220; width_tablet=&#8220;100%&#8220; width_phone=&#8220;100%&#8220; width_last_edited=&#8220;on|tablet&#8220; module_alignment=&#8220;center&#8220; custom_margin=&#8220;||0px||false|false&#8220; custom_padding=&#8220;||50px||false|false&#8220; global_colors_info=&#8220;{}&#8220;][\/et_pb_post_title][et_pb_post_title title=&#8220;off&#8220; meta=&#8220;off&#8220; date_format=&#8220;j M, Y&#8220; _builder_version=&#8220;4.4.8&#8243; title_font=&#8220;|700|||||||&#8220; title_font_size=&#8220;60px&#8220; meta_font=&#8220;|300||on|||||&#8220; text_orientation=&#8220;center&#8220; width=&#8220;900px&#8220; width_tablet=&#8220;100%&#8220; width_phone=&#8220;100%&#8220; width_last_edited=&#8220;on|tablet&#8220; module_alignment=&#8220;center&#8220; global_colors_info=&#8220;{}&#8220;][\/et_pb_post_title][\/et_pb_column][\/et_pb_row][et_pb_row _builder_version=&#8220;4.4.1&#8243; global_colors_info=&#8220;{}&#8220;][et_pb_column type=&#8220;4_4&#8243; _builder_version=&#8220;4.4.1&#8243; global_colors_info=&#8220;{}&#8220;][et_pb_text admin_label=&#8220;Testo&#8220; _builder_version=&#8220;4.14.4&#8243; text_font=&#8220;|300|||||||&#8220; width=&#8220;900px&#8220; width_tablet=&#8220;100%&#8220; width_phone=&#8220;100%&#8220; width_last_edited=&#8220;on|tablet&#8220; module_alignment=&#8220;center&#8220; custom_padding=&#8220;||50px||false|false&#8220; custom_padding_tablet=&#8220;||0px||false|false&#8220; custom_padding_phone=&#8220;&#8220; custom_padding_last_edited=&#8220;on|tablet&#8220; global_colors_info=&#8220;{}&#8220;]<\/p>\n<p>Gaggio Ombrelloni wird mit seiner Designlinie auf dem Salone del Mobile vertreten sein, der <strong>vom 7. bis 12. Juni<\/strong>in Mailand stattfindet.<\/p>\n<p>Die wichtigste Veranstaltung im Bereich des internationalen Designs ist zur\u00fcck, an der <strong>Gaggio Ombrelloni mit seiner Designlinie<\/strong> und den au\u00dfergew\u00f6hnlichen <strong>exklusiven Innovationen<\/strong> teilnehmen wird, die w\u00e4hrend der Ausstellungstage pr\u00e4sentiert werden. Der spektakul\u00e4re Stand, der ganz in Wei\u00df und Rot gehalten ist, wird die Kollektionen der Pyramid-Serie und der Design-Linie beherbergen, die dank der hervorragenden Innovationsarbeit seit jeher \u00c4sthetik, Benutzerfreundlichkeit und Technologie auf h\u00f6chstem Niveau vereint haben die das Unternehmen im Jahr 2022 in Zusammenarbeit mit dem <strong>Studio Roberto Pamio + Partners durchgef\u00fchrt hat.<\/strong>  <\/p>\n<p>Die Entwicklung von Pyramid und der Design-Linie best\u00e4tigt die Entscheidung des Unternehmens, vielseitige und \u00e4sthetisch ansprechende Regenschirme zu entwickeln. Innovation ist die Grundlage f\u00fcr den Erfolg von Gaggio-Regenschirmen. Um diesen Weg fortzusetzen, setzt das Unternehmen immer mehr Ressourcen in der Forschung und Entwicklung <strong>innovativer technologischer L\u00f6sungen ein<\/strong>. <\/p>\n<p>Die Qualit\u00e4t der Gaggio-Produkte bleibt nicht unbemerkt, was durch die kontinuierliche Expansion auf <strong>neue internationale M\u00e4rkte<\/strong> best\u00e4tigt wird. Das Unternehmen investiert, um schnell und mit zunehmender Effizienz auf die Anfragen einer gro\u00dfen, vielf\u00e4ltigen und anspruchsvollen Kundschaft zu reagieren. <\/p>\n<p>[\/et_pb_text][et_pb_button button_url=&#8220;https:\/\/www.gaggio.net\/de\/news-de\/&#8220; button_text=&#8220;Back to all news&#8220; button_alignment=&#8220;center&#8220; _builder_version=&#8220;4.13.0&#8243; custom_button=&#8220;on&#8220; button_text_size=&#8220;14px&#8220; button_text_color=&#8220;#ffffff&#8220; button_bg_color=&#8220;#e42620&#8243; button_border_color=&#8220;#e42620&#8243; button_border_radius=&#8220;0px&#8220; button_font=&#8220;|700||on|||||&#8220; button_icon=&#8220;&#x35;||divi||400&#8243; button_icon_color=&#8220;#ffffff&#8220; button_on_hover=&#8220;off&#8220; custom_margin=&#8220;50px|10px|||false|false&#8220; custom_padding=&#8220;10px|40px|10px|30px|true|false&#8220; animation_style=&#8220;fade&#8220; global_colors_info=&#8220;{}&#8220; button_bg_color__hover_enabled=&#8220;on|hover&#8220; button_bg_color__hover=&#8220;#666&#8243; button_bg_enable_color__hover=&#8220;on&#8220; button_border_color__hover_enabled=&#8220;on|hover&#8220; button_border_color__hover=&#8220;#666&#8243;][\/et_pb_button][\/et_pb_column][\/et_pb_row][\/et_pb_section]<\/p>\n","protected":false},"excerpt":{"rendered":"<p>Gaggio Ombrelloni wird mit seiner Designlinie auf dem Salone del Mobile vertreten sein, der vom 7. bis 12. Juniin Mailand stattfindet. Die wichtigste Veranstaltung im Bereich des internationalen Designs ist zur\u00fcck, an der Gaggio Ombrelloni mit seiner Designlinie und den au\u00dfergew\u00f6hnlichen exklusiven Innovationen teilnehmen wird, die w\u00e4hrend der Ausstellungstage pr\u00e4sentiert werden. Der spektakul\u00e4re Stand, der [&hellip;]<\/p>\n","protected":false},"author":1,"featured_media":13184,"comment_status":"closed","ping_status":"open","sticky":false,"template":"","format":"standard","meta":{"_et_pb_use_builder":"on","_et_pb_old_content":"","_et_gb_content_width":"","footnotes":""},"categories":[105],"tags":[],"class_list":["post-13197","post","type-post","status-publish","format-standard","has-post-thumbnail","hentry","category-news-de"],"yoast_head":"<!-- This site is optimized with the Yoast SEO plugin v27.3 - https:\/\/yoast.com\/product\/yoast-seo-wordpress\/ -->\n<title>Gaggio wird am Salone del Mobile 2022 teilnehmen - Gaggio<\/title>\n<meta name=\"robots\" content=\"index, follow, max-snippet:-1, max-image-preview:large, max-video-preview:-1\" \/>\n<link rel=\"canonical\" href=\"https:\/\/www.gaggio.net\/gaggio-partecipera-al-salone-del-mobile-2022\/\" \/>\n<meta property=\"og:locale\" content=\"de_DE\" \/>\n<meta property=\"og:type\" content=\"article\" \/>\n<meta property=\"og:title\" content=\"Gaggio wird am Salone del Mobile 2022 teilnehmen - Gaggio\" \/>\n<meta property=\"og:description\" content=\"Gaggio Ombrelloni wird mit seiner Designlinie auf dem Salone del Mobile vertreten sein, der vom 7. bis 12. Juniin Mailand stattfindet. Die wichtigste Veranstaltung im Bereich des internationalen Designs ist zur\u00fcck, an der Gaggio Ombrelloni mit seiner Designlinie und den au\u00dfergew\u00f6hnlichen exklusiven Innovationen teilnehmen wird, die w\u00e4hrend der Ausstellungstage pr\u00e4sentiert werden. Der spektakul\u00e4re Stand, der [&hellip;]\" \/>\n<meta property=\"og:url\" content=\"https:\/\/www.gaggio.net\/gaggio-partecipera-al-salone-del-mobile-2022\/\" \/>\n<meta property=\"og:site_name\" content=\"Gaggio\" \/>\n<meta property=\"article:published_time\" content=\"2022-05-26T08:20:40+00:00\" \/>\n<meta property=\"article:modified_time\" content=\"2022-05-26T08:20:43+00:00\" \/>\n<meta property=\"og:image\" content=\"https:\/\/www.gaggio.net\/wp-content\/uploads\/2022\/05\/Banner-salone-del-mobile-scaled.jpg\" \/>\n\t<meta property=\"og:image:width\" content=\"2560\" \/>\n\t<meta property=\"og:image:height\" content=\"1440\" \/>\n\t<meta property=\"og:image:type\" content=\"image\/jpeg\" \/>\n<meta name=\"author\" content=\"admin\" \/>\n<meta name=\"twitter:card\" content=\"summary_large_image\" \/>\n<meta name=\"twitter:label1\" content=\"Verfasst von\" \/>\n\t<meta name=\"twitter:data1\" content=\"admin\" \/>\n\t<meta name=\"twitter:label2\" content=\"Gesch\u00e4tzte Lesezeit\" \/>\n\t<meta name=\"twitter:data2\" content=\"3\u00a0Minuten\" \/>\n<script type=\"application\/ld+json\" class=\"yoast-schema-graph\">{\"@context\":\"https:\\\/\\\/schema.org\",\"@graph\":[{\"@type\":\"Article\",\"@id\":\"https:\\\/\\\/www.gaggio.net\\\/gaggio-partecipera-al-salone-del-mobile-2022\\\/#article\",\"isPartOf\":{\"@id\":\"https:\\\/\\\/www.gaggio.net\\\/gaggio-partecipera-al-salone-del-mobile-2022\\\/\"},\"author\":{\"name\":\"admin\",\"@id\":\"\\\/#\\\/schema\\\/person\\\/77005813c0c8d724077d4d0122239dd9\"},\"headline\":\"Gaggio wird am Salone del Mobile 2022 teilnehmen\",\"datePublished\":\"2022-05-26T08:20:40+00:00\",\"dateModified\":\"2022-05-26T08:20:43+00:00\",\"mainEntityOfPage\":{\"@id\":\"https:\\\/\\\/www.gaggio.net\\\/gaggio-partecipera-al-salone-del-mobile-2022\\\/\"},\"wordCount\":630,\"image\":{\"@id\":\"https:\\\/\\\/www.gaggio.net\\\/gaggio-partecipera-al-salone-del-mobile-2022\\\/#primaryimage\"},\"thumbnailUrl\":\"https:\\\/\\\/www.gaggio.net\\\/wp-content\\\/uploads\\\/2022\\\/05\\\/Banner-salone-del-mobile-scaled.jpg\",\"articleSection\":[\"News\"],\"inLanguage\":\"de\"},{\"@type\":\"WebPage\",\"@id\":\"https:\\\/\\\/www.gaggio.net\\\/gaggio-partecipera-al-salone-del-mobile-2022\\\/\",\"url\":\"https:\\\/\\\/www.gaggio.net\\\/gaggio-partecipera-al-salone-del-mobile-2022\\\/\",\"name\":\"Gaggio wird am Salone del Mobile 2022 teilnehmen - Gaggio\",\"isPartOf\":{\"@id\":\"\\\/#website\"},\"primaryImageOfPage\":{\"@id\":\"https:\\\/\\\/www.gaggio.net\\\/gaggio-partecipera-al-salone-del-mobile-2022\\\/#primaryimage\"},\"image\":{\"@id\":\"https:\\\/\\\/www.gaggio.net\\\/gaggio-partecipera-al-salone-del-mobile-2022\\\/#primaryimage\"},\"thumbnailUrl\":\"https:\\\/\\\/www.gaggio.net\\\/wp-content\\\/uploads\\\/2022\\\/05\\\/Banner-salone-del-mobile-scaled.jpg\",\"datePublished\":\"2022-05-26T08:20:40+00:00\",\"dateModified\":\"2022-05-26T08:20:43+00:00\",\"author\":{\"@id\":\"\\\/#\\\/schema\\\/person\\\/77005813c0c8d724077d4d0122239dd9\"},\"breadcrumb\":{\"@id\":\"https:\\\/\\\/www.gaggio.net\\\/gaggio-partecipera-al-salone-del-mobile-2022\\\/#breadcrumb\"},\"inLanguage\":\"de\",\"potentialAction\":[{\"@type\":\"ReadAction\",\"target\":[\"https:\\\/\\\/www.gaggio.net\\\/gaggio-partecipera-al-salone-del-mobile-2022\\\/\"]}]},{\"@type\":\"ImageObject\",\"inLanguage\":\"de\",\"@id\":\"https:\\\/\\\/www.gaggio.net\\\/gaggio-partecipera-al-salone-del-mobile-2022\\\/#primaryimage\",\"url\":\"https:\\\/\\\/www.gaggio.net\\\/wp-content\\\/uploads\\\/2022\\\/05\\\/Banner-salone-del-mobile-scaled.jpg\",\"contentUrl\":\"https:\\\/\\\/www.gaggio.net\\\/wp-content\\\/uploads\\\/2022\\\/05\\\/Banner-salone-del-mobile-scaled.jpg\",\"width\":2560,\"height\":1440},{\"@type\":\"BreadcrumbList\",\"@id\":\"https:\\\/\\\/www.gaggio.net\\\/gaggio-partecipera-al-salone-del-mobile-2022\\\/#breadcrumb\",\"itemListElement\":[{\"@type\":\"ListItem\",\"position\":1,\"name\":\"Home\",\"item\":\"https:\\\/\\\/www.gaggio.net\\\/\"},{\"@type\":\"ListItem\",\"position\":2,\"name\":\"Gaggio wird am Salone del Mobile 2022 teilnehmen\"}]},{\"@type\":\"WebSite\",\"@id\":\"\\\/#website\",\"url\":\"\\\/\",\"name\":\"Gaggio\",\"description\":\"Gaggio\",\"potentialAction\":[{\"@type\":\"SearchAction\",\"target\":{\"@type\":\"EntryPoint\",\"urlTemplate\":\"\\\/?s={search_term_string}\"},\"query-input\":{\"@type\":\"PropertyValueSpecification\",\"valueRequired\":true,\"valueName\":\"search_term_string\"}}],\"inLanguage\":\"de\"},{\"@type\":\"Person\",\"@id\":\"\\\/#\\\/schema\\\/person\\\/77005813c0c8d724077d4d0122239dd9\",\"name\":\"admin\",\"image\":{\"@type\":\"ImageObject\",\"inLanguage\":\"de\",\"@id\":\"https:\\\/\\\/secure.gravatar.com\\\/avatar\\\/4081c4f3a07ce0df47467fe2535bbf566bfaa1cdc62f7fbfff7a607ee7d752a6?s=96&d=mm&r=g\",\"url\":\"https:\\\/\\\/secure.gravatar.com\\\/avatar\\\/4081c4f3a07ce0df47467fe2535bbf566bfaa1cdc62f7fbfff7a607ee7d752a6?s=96&d=mm&r=g\",\"contentUrl\":\"https:\\\/\\\/secure.gravatar.com\\\/avatar\\\/4081c4f3a07ce0df47467fe2535bbf566bfaa1cdc62f7fbfff7a607ee7d752a6?s=96&d=mm&r=g\",\"caption\":\"admin\"},\"url\":\"https:\\\/\\\/www.gaggio.net\\\/de\\\/author\\\/admin\\\/\"}]}<\/script>\n<!-- \/ Yoast SEO plugin. -->","yoast_head_json":{"title":"Gaggio wird am Salone del Mobile 2022 teilnehmen - Gaggio","robots":{"index":"index","follow":"follow","max-snippet":"max-snippet:-1","max-image-preview":"max-image-preview:large","max-video-preview":"max-video-preview:-1"},"canonical":"https:\/\/www.gaggio.net\/gaggio-partecipera-al-salone-del-mobile-2022\/","og_locale":"de_DE","og_type":"article","og_title":"Gaggio wird am Salone del Mobile 2022 teilnehmen - Gaggio","og_description":"Gaggio Ombrelloni wird mit seiner Designlinie auf dem Salone del Mobile vertreten sein, der vom 7. bis 12. Juniin Mailand stattfindet. Die wichtigste Veranstaltung im Bereich des internationalen Designs ist zur\u00fcck, an der Gaggio Ombrelloni mit seiner Designlinie und den au\u00dfergew\u00f6hnlichen exklusiven Innovationen teilnehmen wird, die w\u00e4hrend der Ausstellungstage pr\u00e4sentiert werden. Der spektakul\u00e4re Stand, der [&hellip;]","og_url":"https:\/\/www.gaggio.net\/gaggio-partecipera-al-salone-del-mobile-2022\/","og_site_name":"Gaggio","article_published_time":"2022-05-26T08:20:40+00:00","article_modified_time":"2022-05-26T08:20:43+00:00","og_image":[{"width":2560,"height":1440,"url":"https:\/\/www.gaggio.net\/wp-content\/uploads\/2022\/05\/Banner-salone-del-mobile-scaled.jpg","type":"image\/jpeg"}],"author":"admin","twitter_card":"summary_large_image","twitter_misc":{"Verfasst von":"admin","Gesch\u00e4tzte Lesezeit":"3\u00a0Minuten"},"schema":{"@context":"https:\/\/schema.org","@graph":[{"@type":"Article","@id":"https:\/\/www.gaggio.net\/gaggio-partecipera-al-salone-del-mobile-2022\/#article","isPartOf":{"@id":"https:\/\/www.gaggio.net\/gaggio-partecipera-al-salone-del-mobile-2022\/"},"author":{"name":"admin","@id":"\/#\/schema\/person\/77005813c0c8d724077d4d0122239dd9"},"headline":"Gaggio wird am Salone del Mobile 2022 teilnehmen","datePublished":"2022-05-26T08:20:40+00:00","dateModified":"2022-05-26T08:20:43+00:00","mainEntityOfPage":{"@id":"https:\/\/www.gaggio.net\/gaggio-partecipera-al-salone-del-mobile-2022\/"},"wordCount":630,"image":{"@id":"https:\/\/www.gaggio.net\/gaggio-partecipera-al-salone-del-mobile-2022\/#primaryimage"},"thumbnailUrl":"https:\/\/www.gaggio.net\/wp-content\/uploads\/2022\/05\/Banner-salone-del-mobile-scaled.jpg","articleSection":["News"],"inLanguage":"de"},{"@type":"WebPage","@id":"https:\/\/www.gaggio.net\/gaggio-partecipera-al-salone-del-mobile-2022\/","url":"https:\/\/www.gaggio.net\/gaggio-partecipera-al-salone-del-mobile-2022\/","name":"Gaggio wird am Salone del Mobile 2022 teilnehmen - Gaggio","isPartOf":{"@id":"\/#website"},"primaryImageOfPage":{"@id":"https:\/\/www.gaggio.net\/gaggio-partecipera-al-salone-del-mobile-2022\/#primaryimage"},"image":{"@id":"https:\/\/www.gaggio.net\/gaggio-partecipera-al-salone-del-mobile-2022\/#primaryimage"},"thumbnailUrl":"https:\/\/www.gaggio.net\/wp-content\/uploads\/2022\/05\/Banner-salone-del-mobile-scaled.jpg","datePublished":"2022-05-26T08:20:40+00:00","dateModified":"2022-05-26T08:20:43+00:00","author":{"@id":"\/#\/schema\/person\/77005813c0c8d724077d4d0122239dd9"},"breadcrumb":{"@id":"https:\/\/www.gaggio.net\/gaggio-partecipera-al-salone-del-mobile-2022\/#breadcrumb"},"inLanguage":"de","potentialAction":[{"@type":"ReadAction","target":["https:\/\/www.gaggio.net\/gaggio-partecipera-al-salone-del-mobile-2022\/"]}]},{"@type":"ImageObject","inLanguage":"de","@id":"https:\/\/www.gaggio.net\/gaggio-partecipera-al-salone-del-mobile-2022\/#primaryimage","url":"https:\/\/www.gaggio.net\/wp-content\/uploads\/2022\/05\/Banner-salone-del-mobile-scaled.jpg","contentUrl":"https:\/\/www.gaggio.net\/wp-content\/uploads\/2022\/05\/Banner-salone-del-mobile-scaled.jpg","width":2560,"height":1440},{"@type":"BreadcrumbList","@id":"https:\/\/www.gaggio.net\/gaggio-partecipera-al-salone-del-mobile-2022\/#breadcrumb","itemListElement":[{"@type":"ListItem","position":1,"name":"Home","item":"https:\/\/www.gaggio.net\/"},{"@type":"ListItem","position":2,"name":"Gaggio wird am Salone del Mobile 2022 teilnehmen"}]},{"@type":"WebSite","@id":"\/#website","url":"\/","name":"Gaggio","description":"Gaggio","potentialAction":[{"@type":"SearchAction","target":{"@type":"EntryPoint","urlTemplate":"\/?s={search_term_string}"},"query-input":{"@type":"PropertyValueSpecification","valueRequired":true,"valueName":"search_term_string"}}],"inLanguage":"de"},{"@type":"Person","@id":"\/#\/schema\/person\/77005813c0c8d724077d4d0122239dd9","name":"admin","image":{"@type":"ImageObject","inLanguage":"de","@id":"https:\/\/secure.gravatar.com\/avatar\/4081c4f3a07ce0df47467fe2535bbf566bfaa1cdc62f7fbfff7a607ee7d752a6?s=96&d=mm&r=g","url":"https:\/\/secure.gravatar.com\/avatar\/4081c4f3a07ce0df47467fe2535bbf566bfaa1cdc62f7fbfff7a607ee7d752a6?s=96&d=mm&r=g","contentUrl":"https:\/\/secure.gravatar.com\/avatar\/4081c4f3a07ce0df47467fe2535bbf566bfaa1cdc62f7fbfff7a607ee7d752a6?s=96&d=mm&r=g","caption":"admin"},"url":"https:\/\/www.gaggio.net\/de\/author\/admin\/"}]}},"_links":{"self":[{"href":"https:\/\/www.gaggio.net\/de\/wp-json\/wp\/v2\/posts\/13197","targetHints":{"allow":["GET"]}}],"collection":[{"href":"https:\/\/www.gaggio.net\/de\/wp-json\/wp\/v2\/posts"}],"about":[{"href":"https:\/\/www.gaggio.net\/de\/wp-json\/wp\/v2\/types\/post"}],"author":[{"embeddable":true,"href":"https:\/\/www.gaggio.net\/de\/wp-json\/wp\/v2\/users\/1"}],"replies":[{"embeddable":true,"href":"https:\/\/www.gaggio.net\/de\/wp-json\/wp\/v2\/comments?post=13197"}],"version-history":[{"count":5,"href":"https:\/\/www.gaggio.net\/de\/wp-json\/wp\/v2\/posts\/13197\/revisions"}],"predecessor-version":[{"id":13202,"href":"https:\/\/www.gaggio.net\/de\/wp-json\/wp\/v2\/posts\/13197\/revisions\/13202"}],"wp:featuredmedia":[{"embeddable":true,"href":"https:\/\/www.gaggio.net\/de\/wp-json\/wp\/v2\/media\/13184"}],"wp:attachment":[{"href":"https:\/\/www.gaggio.net\/de\/wp-json\/wp\/v2\/media?parent=13197"}],"wp:term":[{"taxonomy":"category","embeddable":true,"href":"https:\/\/www.gaggio.net\/de\/wp-json\/wp\/v2\/categories?post=13197"},{"taxonomy":"post_tag","embeddable":true,"href":"https:\/\/www.gaggio.net\/de\/wp-json\/wp\/v2\/tags?post=13197"}],"curies":[{"name":"wp","href":"https:\/\/api.w.org\/{rel}","templated":true}]}}