{"id":1844,"date":"2020-06-29T11:00:18","date_gmt":"2020-06-29T09:00:18","guid":{"rendered":"https:\/\/dev.panese.it\/gaggio\/67-professional-umbrellas-by-gaggio-in-piazza-san-marco-venice\/"},"modified":"2020-12-15T16:07:37","modified_gmt":"2020-12-15T15:07:37","slug":"67-professional-umbrellas-by-gaggio-in-piazza-san-marco-venice","status":"publish","type":"post","link":"https:\/\/www.gaggio.net\/en\/67-professional-umbrellas-by-gaggio-in-piazza-san-marco-venice\/","title":{"rendered":"67 Professional Umbrellas by Gaggio in Piazza San Marco \u2013 Venice"},"content":{"rendered":"<p>[et_pb_section fb_built=&#8221;1&#8243; custom_padding_last_edited=&#8221;on|tablet&#8221; _builder_version=&#8221;4.4.8&#8243; custom_margin=&#8221;0px||0px||true|false&#8221; custom_padding_tablet=&#8221;||||false|false&#8221; custom_padding_phone=&#8221;&#8221; hover_enabled=&#8221;0&#8243;][et_pb_row _builder_version=&#8221;4.4.8&#8243; hover_enabled=&#8221;0&#8243; custom_padding=&#8221;200px||||false|false&#8221; custom_padding_last_edited=&#8221;on|phone&#8221; custom_padding_tablet=&#8221;100px||||false|false&#8221;][et_pb_column type=&#8221;4_4&#8243; _builder_version=&#8221;4.4.1&#8243;][et_pb_post_title title=&#8221;off&#8221; author=&#8221;off&#8221; date_format=&#8221;j M, Y&#8221; categories=&#8221;off&#8221; comments=&#8221;off&#8221; featured_image=&#8221;off&#8221; _builder_version=&#8221;4.4.8&#8243; title_font=&#8221;|700|||||||&#8221; title_font_size=&#8221;60px&#8221; meta_font=&#8221;|300||on|||||&#8221; text_orientation=&#8221;center&#8221; width=&#8221;900px&#8221; width_tablet=&#8221;100%&#8221; width_phone=&#8221;100%&#8221; width_last_edited=&#8221;on|tablet&#8221; module_alignment=&#8221;center&#8221;][\/et_pb_post_title][et_pb_post_title meta=&#8221;off&#8221; date_format=&#8221;j M, Y&#8221; featured_image=&#8221;off&#8221; _builder_version=&#8221;4.4.8&#8243; title_font=&#8221;|700|||||||&#8221; title_font_size=&#8221;60px&#8221; meta_font=&#8221;|300||on|||||&#8221; text_orientation=&#8221;center&#8221; width=&#8221;900px&#8221; width_tablet=&#8221;100%&#8221; width_phone=&#8221;100%&#8221; width_last_edited=&#8221;on|tablet&#8221; module_alignment=&#8221;center&#8221; custom_margin=&#8221;||0px||false|false&#8221; custom_padding=&#8221;||50px||false|false&#8221;][\/et_pb_post_title][et_pb_post_title title=&#8221;off&#8221; meta=&#8221;off&#8221; date_format=&#8221;j M, Y&#8221; _builder_version=&#8221;4.4.8&#8243; title_font=&#8221;|700|||||||&#8221; title_font_size=&#8221;60px&#8221; meta_font=&#8221;|300||on|||||&#8221; text_orientation=&#8221;center&#8221; width=&#8221;900px&#8221; width_tablet=&#8221;100%&#8221; width_phone=&#8221;100%&#8221; width_last_edited=&#8221;on|tablet&#8221; module_alignment=&#8221;center&#8221;][\/et_pb_post_title][\/et_pb_column][\/et_pb_row][et_pb_row _builder_version=&#8221;4.4.1&#8243;][et_pb_column type=&#8221;4_4&#8243; _builder_version=&#8221;4.4.1&#8243;][et_pb_text _builder_version=&#8221;4.4.8&#8243; text_font=&#8221;|300|||||||&#8221; width=&#8221;900px&#8221; width_tablet=&#8221;100%&#8221; width_phone=&#8221;100%&#8221; width_last_edited=&#8221;on|desktop&#8221; module_alignment=&#8221;center&#8221; custom_padding=&#8221;||50px||false|false&#8221; custom_padding_tablet=&#8221;||0px||false|false&#8221; custom_padding_phone=&#8221;&#8221; custom_padding_last_edited=&#8221;on|tablet&#8221;]<\/p>\n<p>Venezia, Piazza San Marco. Impossibile non notarli all\u2019ombra del campanile; venerd\u00ec 26 giugno scorso tutti i 67 ombrelloni Professional by Gaggio sono stati installati presso lo storico Caff\u00e8 Florian, Gran Caff\u00e8 Quadri, Gran Caff\u00e8 Chioggia, Caff\u00e8 Aurora e Lavena, negli spazi davanti ai locali, per favorire la sistemazione in sicurezza dei clienti all\u2019esterno, in base alle nuove normative di sicurezza e distanziamento sociale COVID19. E\u2019 un momento storico per la Piazza che cambia la sua immagine e presentazione.<\/p>\n<p>I Professional sono tutti uguali: della dimensione di 300\u00d7300 cm a palo centrale con telaio in lega di alluminio 6005 ad alta tenacit\u00e0, bulloneria in acciaio inox, collani porta stecche in nylon \u2013 inox \u2013 alluminio verniciato, snodi braccio stecca in nylon che ne conferiscono la robustezza. Il sistema di apertura e\u0300 semplice e affidabile grazie alla carrucola in acciaio inox e carbonio con sistema di bloccaggio (EASY BLOCK) e la corda di derivazione nautica.<\/p>\n<p>[\/et_pb_text][et_pb_image src=&#8221;https:\/\/www.gaggio.net\/wp-content\/uploads\/2020\/07\/Tavolini-piazza-san-marco-e-ombrelloni-gaggio-Venezia.jpg&#8221; alt=&#8221;Piazza San Marco tables in Venice and gaggio umbrellas&#8221; title_text=&#8221;Piazza San Marco tables in Venice and gaggio umbrellas&#8221; align=&#8221;center&#8221; _builder_version=&#8221;4.4.8&#8243; width=&#8221;900px&#8221; width_tablet=&#8221;100%&#8221; width_phone=&#8221;&#8221; width_last_edited=&#8221;on|tablet&#8221;][\/et_pb_image][et_pb_text _builder_version=&#8221;4.4.8&#8243; text_font=&#8221;|300|||||||&#8221; width=&#8221;900px&#8221; width_tablet=&#8221;100%&#8221; width_phone=&#8221;100%&#8221; width_last_edited=&#8221;on|desktop&#8221; module_alignment=&#8221;center&#8221; custom_padding=&#8221;50px||50px||true|false&#8221; custom_padding_tablet=&#8221;0px||0px||true|false&#8221; custom_padding_phone=&#8221;&#8221; custom_padding_last_edited=&#8221;on|tablet&#8221;]Tutti gli ombrelloni sono stati prodotti con uno speciale tessuto dello stesso color avorio della Linea Gaggio Design \u2013 Orchestra by Dickson \u00ae 100% acrilico tinto in massa con trattamento idrorepellente e resistente allo sporco. Come da richiesta della committenza gli ombrelloni sono stati prodotti tutti in color Avorio ORC 7133 Naturel per poterli integrare all\u2019 ambiente circostante e avvinarsi pi\u00f9 possibile al colore delle \u201clunette\u201d che coprono gli archi delle Procuratie. Il disegno, concordato con l\u2019Associazione Piazza San Marco, \u00e8 ispirato ai teloni raffigurati nei quadri del Canaletto dedicati all\u2019area marciana.<\/p>\n<p>Le tele degli ombrelloni Professional sono dotate di cuciture protette (WATER SAFE), un procedimento unico nel suo genere che assomiglia alle cuciture nastrate degli abiti sportivi ed \u00e8 in grado di ridurre notevolmente il trafilamento dell\u2019 acqua dalle cuciture, impedendo il degrado delle stesse.[\/et_pb_text][et_pb_image src=&#8221;https:\/\/www.gaggio.net\/wp-content\/uploads\/2020\/07\/ombrelloni-professional-gaggio-in-piazza-san-marco-venezia.jpg&#8221; alt=&#8221;professional gaggio umbrellas in piazza san marco venice&#8221; title_text=&#8221;professional gaggio umbrellas in piazza san marco venice&#8221; align=&#8221;center&#8221; _builder_version=&#8221;4.4.8&#8243; width=&#8221;900px&#8221; width_tablet=&#8221;100%&#8221; width_phone=&#8221;&#8221; width_last_edited=&#8221;on|tablet&#8221;][\/et_pb_image][et_pb_text _builder_version=&#8221;4.4.8&#8243; text_font=&#8221;|300|||||||&#8221; width=&#8221;900px&#8221; width_tablet=&#8221;100%&#8221; width_phone=&#8221;100%&#8221; width_last_edited=&#8221;on|desktop&#8221; module_alignment=&#8221;center&#8221; custom_padding=&#8221;50px||50px||true|false&#8221; custom_padding_tablet=&#8221;0px||0px||true|false&#8221; custom_padding_phone=&#8221;&#8221; custom_padding_last_edited=&#8221;on|tablet&#8221;]<\/p>\n<p>Le basi, a pianta quadrata, sono state trattate con cataforesi: una lavorazione in grado di conferire una notevole resistenza alla corrosione; quindi ideale per l\u2019ambiente caratteristico della Laguna Veneziana. Sono anch\u2019esse in color avorio opaco RAL 9001, e verniciate con sabbiatura antiscivolo. Per garantire ai locali la sicurezza \u00e8 stato applicato un sistema di antifurto con perno inox e lucchetto. Inoltre, per non rovinare i pavimenti della Piazza, le basi sono state dotate di una speciale protezione in gomma.<\/p>\n<p>Per completare il progetto, gli ombrelloni sono stati studiati con accorgimenti estetici superiori come ad esempio i foderi di custodia in PVC ignifugo con speciale effetto tessuto (resistenza al fuoco M2 \u2013 NF P 92 503 \u2013 BS \u2013 BS 7837 \u2013 NFPA 701). I foderi di copertura sono 360 gr \/m2, resistenti alla rottura, agli strappi, al freddo fino a -30\u00b0 e al calore fino a +70\u00b0.<\/p>\n<p>I Professional sono dotati di un sistema di sgancio rapido delle stecche (EASY CLICK) che ne permetter\u00e0 l\u2019eventuale facile manutenzione.<\/p>\n<p>Gli ombrelloni resteranno inizialmente in Piazza San Marco fino al 31 ottobre, una concessione della Soprintendenza, per agevolare i caff\u00e8 che stanno cercando di riprendersi dalla chiusura.<\/p>\n<p><a href=\"https:\/\/www.gaggio.net\/wp-content\/uploads\/2020\/07\/Progetto-S.-Marco-Liberi-di-accogliere.pdf\" target=\"_blank\" rel=\"noopener noreferrer\">Scarica la scheda tecnica per maggiori informazioni.<\/a><\/p>\n<p>[\/et_pb_text][et_pb_gallery gallery_ids=&#8221;1483,1485,1487,1489,1491,1493,1495,1497,1499,1501,1503,1505&#8243; posts_number=&#8221;12&#8243; show_title_and_caption=&#8221;off&#8221; show_pagination=&#8221;off&#8221; _builder_version=&#8221;4.4.8&#8243; text_orientation=&#8221;left&#8221; width_tablet=&#8221;&#8221; width_phone=&#8221;&#8221; width_last_edited=&#8221;on|tablet&#8221; module_alignment=&#8221;center&#8221; width__hover_enabled=&#8221;off|desktop&#8221;][\/et_pb_gallery][et_pb_button button_url=&#8221;https:\/\/www.gaggio.net\/en\/news__trashed\/&#8221; button_text=&#8221;back to all news&#8221; button_alignment=&#8221;center&#8221; _builder_version=&#8221;4.4.8&#8243; custom_button=&#8221;on&#8221; button_text_size=&#8221;14px&#8221; button_text_color=&#8221;#ffffff&#8221; button_bg_color=&#8221;#e42620&#8243; button_border_color=&#8221;#e42620&#8243; button_border_radius=&#8221;0px&#8221; button_font=&#8221;|700||on|||||&#8221; button_icon=&#8221;%%20%%&#8221; button_icon_color=&#8221;#ffffff&#8221; button_on_hover=&#8221;off&#8221; custom_margin=&#8221;50px|10px|||false|false&#8221; custom_padding=&#8221;10px|40px|10px|30px|true|false&#8221; animation_style=&#8221;fade&#8221; button_bg_color__hover_enabled=&#8221;on|hover&#8221; button_bg_color__hover=&#8221;#666&#8243; button_bg_enable_color__hover=&#8221;on&#8221; button_border_color__hover_enabled=&#8221;on|hover&#8221; button_border_color__hover=&#8221;#666&#8243;][\/et_pb_button][\/et_pb_column][\/et_pb_row][\/et_pb_section]<\/p>\n","protected":false},"excerpt":{"rendered":"<p>Venezia, Piazza San Marco. Impossibile non notarli all\u2019ombra del campanile; venerd\u00ec 26 giugno scorso tutti i 67 ombrelloni Professional by Gaggio sono stati installati presso lo storico Caff\u00e8 Florian, Gran Caff\u00e8 Quadri, Gran Caff\u00e8 Chioggia, Caff\u00e8 Aurora e Lavena, negli spazi davanti ai locali, per favorire la sistemazione in sicurezza dei clienti all\u2019esterno, in base [&hellip;]<\/p>\n","protected":false},"author":1,"featured_media":1464,"comment_status":"closed","ping_status":"open","sticky":false,"template":"","format":"standard","meta":{"_et_pb_use_builder":"on","_et_pb_old_content":"","_et_gb_content_width":"","footnotes":""},"categories":[18],"tags":[],"class_list":["post-1844","post","type-post","status-publish","format-standard","has-post-thumbnail","hentry","category-news-en"],"yoast_head":"<!-- This site is optimized with the Yoast SEO plugin v27.3 - https:\/\/yoast.com\/product\/yoast-seo-wordpress\/ -->\n<title>67 Professional Umbrellas by Gaggio in Piazza San Marco \u2013 Venice - Gaggio<\/title>\n<meta name=\"robots\" content=\"index, follow, max-snippet:-1, max-image-preview:large, max-video-preview:-1\" \/>\n<link rel=\"canonical\" href=\"https:\/\/www.gaggio.net\/67-ombrelloni-professional-in-piazza-san-marco-venezia\/\" \/>\n<meta property=\"og:locale\" content=\"en_US\" \/>\n<meta property=\"og:type\" content=\"article\" \/>\n<meta property=\"og:title\" content=\"67 Professional Umbrellas by Gaggio in Piazza San Marco \u2013 Venice - Gaggio\" \/>\n<meta property=\"og:description\" content=\"Venezia, Piazza San Marco. Impossibile non notarli all\u2019ombra del campanile; venerd\u00ec 26 giugno scorso tutti i 67 ombrelloni Professional by Gaggio sono stati installati presso lo storico Caff\u00e8 Florian, Gran Caff\u00e8 Quadri, Gran Caff\u00e8 Chioggia, Caff\u00e8 Aurora e Lavena, negli spazi davanti ai locali, per favorire la sistemazione in sicurezza dei clienti all\u2019esterno, in base [&hellip;]\" \/>\n<meta property=\"og:url\" content=\"https:\/\/www.gaggio.net\/67-ombrelloni-professional-in-piazza-san-marco-venezia\/\" \/>\n<meta property=\"og:site_name\" content=\"Gaggio\" \/>\n<meta property=\"article:published_time\" content=\"2020-06-29T09:00:18+00:00\" \/>\n<meta property=\"article:modified_time\" content=\"2020-12-15T15:07:37+00:00\" \/>\n<meta property=\"og:image\" content=\"https:\/\/www.gaggio.net\/wp-content\/uploads\/2020\/07\/Piazza-San-Marco-ombrelloni-Gaggio.jpg\" \/>\n\t<meta property=\"og:image:width\" content=\"1600\" \/>\n\t<meta property=\"og:image:height\" content=\"1067\" \/>\n\t<meta property=\"og:image:type\" content=\"image\/jpeg\" \/>\n<meta name=\"author\" content=\"admin\" \/>\n<meta name=\"twitter:card\" content=\"summary_large_image\" \/>\n<meta name=\"twitter:label1\" content=\"Written by\" \/>\n\t<meta name=\"twitter:data1\" content=\"admin\" \/>\n\t<meta name=\"twitter:label2\" content=\"Est. reading time\" \/>\n\t<meta name=\"twitter:data2\" content=\"5 minutes\" \/>\n<script type=\"application\/ld+json\" class=\"yoast-schema-graph\">{\"@context\":\"https:\\\/\\\/schema.org\",\"@graph\":[{\"@type\":\"Article\",\"@id\":\"https:\\\/\\\/www.gaggio.net\\\/67-ombrelloni-professional-in-piazza-san-marco-venezia\\\/#article\",\"isPartOf\":{\"@id\":\"https:\\\/\\\/www.gaggio.net\\\/67-ombrelloni-professional-in-piazza-san-marco-venezia\\\/\"},\"author\":{\"name\":\"admin\",\"@id\":\"\\\/#\\\/schema\\\/person\\\/77005813c0c8d724077d4d0122239dd9\"},\"headline\":\"67 Professional Umbrellas by Gaggio in Piazza San Marco \u2013 Venice\",\"datePublished\":\"2020-06-29T09:00:18+00:00\",\"dateModified\":\"2020-12-15T15:07:37+00:00\",\"mainEntityOfPage\":{\"@id\":\"https:\\\/\\\/www.gaggio.net\\\/67-ombrelloni-professional-in-piazza-san-marco-venezia\\\/\"},\"wordCount\":1102,\"image\":{\"@id\":\"https:\\\/\\\/www.gaggio.net\\\/67-ombrelloni-professional-in-piazza-san-marco-venezia\\\/#primaryimage\"},\"thumbnailUrl\":\"https:\\\/\\\/www.gaggio.net\\\/wp-content\\\/uploads\\\/2020\\\/07\\\/Piazza-San-Marco-ombrelloni-Gaggio.jpg\",\"articleSection\":[\"News\"],\"inLanguage\":\"en-US\"},{\"@type\":\"WebPage\",\"@id\":\"https:\\\/\\\/www.gaggio.net\\\/67-ombrelloni-professional-in-piazza-san-marco-venezia\\\/\",\"url\":\"https:\\\/\\\/www.gaggio.net\\\/67-ombrelloni-professional-in-piazza-san-marco-venezia\\\/\",\"name\":\"67 Professional Umbrellas by Gaggio in Piazza San Marco \u2013 Venice - Gaggio\",\"isPartOf\":{\"@id\":\"\\\/#website\"},\"primaryImageOfPage\":{\"@id\":\"https:\\\/\\\/www.gaggio.net\\\/67-ombrelloni-professional-in-piazza-san-marco-venezia\\\/#primaryimage\"},\"image\":{\"@id\":\"https:\\\/\\\/www.gaggio.net\\\/67-ombrelloni-professional-in-piazza-san-marco-venezia\\\/#primaryimage\"},\"thumbnailUrl\":\"https:\\\/\\\/www.gaggio.net\\\/wp-content\\\/uploads\\\/2020\\\/07\\\/Piazza-San-Marco-ombrelloni-Gaggio.jpg\",\"datePublished\":\"2020-06-29T09:00:18+00:00\",\"dateModified\":\"2020-12-15T15:07:37+00:00\",\"author\":{\"@id\":\"\\\/#\\\/schema\\\/person\\\/77005813c0c8d724077d4d0122239dd9\"},\"breadcrumb\":{\"@id\":\"https:\\\/\\\/www.gaggio.net\\\/67-ombrelloni-professional-in-piazza-san-marco-venezia\\\/#breadcrumb\"},\"inLanguage\":\"en-US\",\"potentialAction\":[{\"@type\":\"ReadAction\",\"target\":[\"https:\\\/\\\/www.gaggio.net\\\/67-ombrelloni-professional-in-piazza-san-marco-venezia\\\/\"]}]},{\"@type\":\"ImageObject\",\"inLanguage\":\"en-US\",\"@id\":\"https:\\\/\\\/www.gaggio.net\\\/67-ombrelloni-professional-in-piazza-san-marco-venezia\\\/#primaryimage\",\"url\":\"https:\\\/\\\/www.gaggio.net\\\/wp-content\\\/uploads\\\/2020\\\/07\\\/Piazza-San-Marco-ombrelloni-Gaggio.jpg\",\"contentUrl\":\"https:\\\/\\\/www.gaggio.net\\\/wp-content\\\/uploads\\\/2020\\\/07\\\/Piazza-San-Marco-ombrelloni-Gaggio.jpg\",\"width\":1600,\"height\":1067},{\"@type\":\"BreadcrumbList\",\"@id\":\"https:\\\/\\\/www.gaggio.net\\\/67-ombrelloni-professional-in-piazza-san-marco-venezia\\\/#breadcrumb\",\"itemListElement\":[{\"@type\":\"ListItem\",\"position\":1,\"name\":\"Home\",\"item\":\"https:\\\/\\\/www.gaggio.net\\\/\"},{\"@type\":\"ListItem\",\"position\":2,\"name\":\"67 Professional Umbrellas by Gaggio in Piazza San Marco \u2013 Venice\"}]},{\"@type\":\"WebSite\",\"@id\":\"\\\/#website\",\"url\":\"\\\/\",\"name\":\"Gaggio\",\"description\":\"Gaggio\",\"potentialAction\":[{\"@type\":\"SearchAction\",\"target\":{\"@type\":\"EntryPoint\",\"urlTemplate\":\"\\\/?s={search_term_string}\"},\"query-input\":{\"@type\":\"PropertyValueSpecification\",\"valueRequired\":true,\"valueName\":\"search_term_string\"}}],\"inLanguage\":\"en-US\"},{\"@type\":\"Person\",\"@id\":\"\\\/#\\\/schema\\\/person\\\/77005813c0c8d724077d4d0122239dd9\",\"name\":\"admin\",\"image\":{\"@type\":\"ImageObject\",\"inLanguage\":\"en-US\",\"@id\":\"https:\\\/\\\/secure.gravatar.com\\\/avatar\\\/4081c4f3a07ce0df47467fe2535bbf566bfaa1cdc62f7fbfff7a607ee7d752a6?s=96&d=mm&r=g\",\"url\":\"https:\\\/\\\/secure.gravatar.com\\\/avatar\\\/4081c4f3a07ce0df47467fe2535bbf566bfaa1cdc62f7fbfff7a607ee7d752a6?s=96&d=mm&r=g\",\"contentUrl\":\"https:\\\/\\\/secure.gravatar.com\\\/avatar\\\/4081c4f3a07ce0df47467fe2535bbf566bfaa1cdc62f7fbfff7a607ee7d752a6?s=96&d=mm&r=g\",\"caption\":\"admin\"},\"url\":\"https:\\\/\\\/www.gaggio.net\\\/en\\\/author\\\/admin\\\/\"}]}<\/script>\n<!-- \/ Yoast SEO plugin. -->","yoast_head_json":{"title":"67 Professional Umbrellas by Gaggio in Piazza San Marco \u2013 Venice - Gaggio","robots":{"index":"index","follow":"follow","max-snippet":"max-snippet:-1","max-image-preview":"max-image-preview:large","max-video-preview":"max-video-preview:-1"},"canonical":"https:\/\/www.gaggio.net\/67-ombrelloni-professional-in-piazza-san-marco-venezia\/","og_locale":"en_US","og_type":"article","og_title":"67 Professional Umbrellas by Gaggio in Piazza San Marco \u2013 Venice - Gaggio","og_description":"Venezia, Piazza San Marco. Impossibile non notarli all\u2019ombra del campanile; venerd\u00ec 26 giugno scorso tutti i 67 ombrelloni Professional by Gaggio sono stati installati presso lo storico Caff\u00e8 Florian, Gran Caff\u00e8 Quadri, Gran Caff\u00e8 Chioggia, Caff\u00e8 Aurora e Lavena, negli spazi davanti ai locali, per favorire la sistemazione in sicurezza dei clienti all\u2019esterno, in base [&hellip;]","og_url":"https:\/\/www.gaggio.net\/67-ombrelloni-professional-in-piazza-san-marco-venezia\/","og_site_name":"Gaggio","article_published_time":"2020-06-29T09:00:18+00:00","article_modified_time":"2020-12-15T15:07:37+00:00","og_image":[{"width":1600,"height":1067,"url":"https:\/\/www.gaggio.net\/wp-content\/uploads\/2020\/07\/Piazza-San-Marco-ombrelloni-Gaggio.jpg","type":"image\/jpeg"}],"author":"admin","twitter_card":"summary_large_image","twitter_misc":{"Written by":"admin","Est. reading time":"5 minutes"},"schema":{"@context":"https:\/\/schema.org","@graph":[{"@type":"Article","@id":"https:\/\/www.gaggio.net\/67-ombrelloni-professional-in-piazza-san-marco-venezia\/#article","isPartOf":{"@id":"https:\/\/www.gaggio.net\/67-ombrelloni-professional-in-piazza-san-marco-venezia\/"},"author":{"name":"admin","@id":"\/#\/schema\/person\/77005813c0c8d724077d4d0122239dd9"},"headline":"67 Professional Umbrellas by Gaggio in Piazza San Marco \u2013 Venice","datePublished":"2020-06-29T09:00:18+00:00","dateModified":"2020-12-15T15:07:37+00:00","mainEntityOfPage":{"@id":"https:\/\/www.gaggio.net\/67-ombrelloni-professional-in-piazza-san-marco-venezia\/"},"wordCount":1102,"image":{"@id":"https:\/\/www.gaggio.net\/67-ombrelloni-professional-in-piazza-san-marco-venezia\/#primaryimage"},"thumbnailUrl":"https:\/\/www.gaggio.net\/wp-content\/uploads\/2020\/07\/Piazza-San-Marco-ombrelloni-Gaggio.jpg","articleSection":["News"],"inLanguage":"en-US"},{"@type":"WebPage","@id":"https:\/\/www.gaggio.net\/67-ombrelloni-professional-in-piazza-san-marco-venezia\/","url":"https:\/\/www.gaggio.net\/67-ombrelloni-professional-in-piazza-san-marco-venezia\/","name":"67 Professional Umbrellas by Gaggio in Piazza San Marco \u2013 Venice - Gaggio","isPartOf":{"@id":"\/#website"},"primaryImageOfPage":{"@id":"https:\/\/www.gaggio.net\/67-ombrelloni-professional-in-piazza-san-marco-venezia\/#primaryimage"},"image":{"@id":"https:\/\/www.gaggio.net\/67-ombrelloni-professional-in-piazza-san-marco-venezia\/#primaryimage"},"thumbnailUrl":"https:\/\/www.gaggio.net\/wp-content\/uploads\/2020\/07\/Piazza-San-Marco-ombrelloni-Gaggio.jpg","datePublished":"2020-06-29T09:00:18+00:00","dateModified":"2020-12-15T15:07:37+00:00","author":{"@id":"\/#\/schema\/person\/77005813c0c8d724077d4d0122239dd9"},"breadcrumb":{"@id":"https:\/\/www.gaggio.net\/67-ombrelloni-professional-in-piazza-san-marco-venezia\/#breadcrumb"},"inLanguage":"en-US","potentialAction":[{"@type":"ReadAction","target":["https:\/\/www.gaggio.net\/67-ombrelloni-professional-in-piazza-san-marco-venezia\/"]}]},{"@type":"ImageObject","inLanguage":"en-US","@id":"https:\/\/www.gaggio.net\/67-ombrelloni-professional-in-piazza-san-marco-venezia\/#primaryimage","url":"https:\/\/www.gaggio.net\/wp-content\/uploads\/2020\/07\/Piazza-San-Marco-ombrelloni-Gaggio.jpg","contentUrl":"https:\/\/www.gaggio.net\/wp-content\/uploads\/2020\/07\/Piazza-San-Marco-ombrelloni-Gaggio.jpg","width":1600,"height":1067},{"@type":"BreadcrumbList","@id":"https:\/\/www.gaggio.net\/67-ombrelloni-professional-in-piazza-san-marco-venezia\/#breadcrumb","itemListElement":[{"@type":"ListItem","position":1,"name":"Home","item":"https:\/\/www.gaggio.net\/"},{"@type":"ListItem","position":2,"name":"67 Professional Umbrellas by Gaggio in Piazza San Marco \u2013 Venice"}]},{"@type":"WebSite","@id":"\/#website","url":"\/","name":"Gaggio","description":"Gaggio","potentialAction":[{"@type":"SearchAction","target":{"@type":"EntryPoint","urlTemplate":"\/?s={search_term_string}"},"query-input":{"@type":"PropertyValueSpecification","valueRequired":true,"valueName":"search_term_string"}}],"inLanguage":"en-US"},{"@type":"Person","@id":"\/#\/schema\/person\/77005813c0c8d724077d4d0122239dd9","name":"admin","image":{"@type":"ImageObject","inLanguage":"en-US","@id":"https:\/\/secure.gravatar.com\/avatar\/4081c4f3a07ce0df47467fe2535bbf566bfaa1cdc62f7fbfff7a607ee7d752a6?s=96&d=mm&r=g","url":"https:\/\/secure.gravatar.com\/avatar\/4081c4f3a07ce0df47467fe2535bbf566bfaa1cdc62f7fbfff7a607ee7d752a6?s=96&d=mm&r=g","contentUrl":"https:\/\/secure.gravatar.com\/avatar\/4081c4f3a07ce0df47467fe2535bbf566bfaa1cdc62f7fbfff7a607ee7d752a6?s=96&d=mm&r=g","caption":"admin"},"url":"https:\/\/www.gaggio.net\/en\/author\/admin\/"}]}},"_links":{"self":[{"href":"https:\/\/www.gaggio.net\/en\/wp-json\/wp\/v2\/posts\/1844","targetHints":{"allow":["GET"]}}],"collection":[{"href":"https:\/\/www.gaggio.net\/en\/wp-json\/wp\/v2\/posts"}],"about":[{"href":"https:\/\/www.gaggio.net\/en\/wp-json\/wp\/v2\/types\/post"}],"author":[{"embeddable":true,"href":"https:\/\/www.gaggio.net\/en\/wp-json\/wp\/v2\/users\/1"}],"replies":[{"embeddable":true,"href":"https:\/\/www.gaggio.net\/en\/wp-json\/wp\/v2\/comments?post=1844"}],"version-history":[{"count":3,"href":"https:\/\/www.gaggio.net\/en\/wp-json\/wp\/v2\/posts\/1844\/revisions"}],"predecessor-version":[{"id":8471,"href":"https:\/\/www.gaggio.net\/en\/wp-json\/wp\/v2\/posts\/1844\/revisions\/8471"}],"wp:featuredmedia":[{"embeddable":true,"href":"https:\/\/www.gaggio.net\/en\/wp-json\/wp\/v2\/media\/1464"}],"wp:attachment":[{"href":"https:\/\/www.gaggio.net\/en\/wp-json\/wp\/v2\/media?parent=1844"}],"wp:term":[{"taxonomy":"category","embeddable":true,"href":"https:\/\/www.gaggio.net\/en\/wp-json\/wp\/v2\/categories?post=1844"},{"taxonomy":"post_tag","embeddable":true,"href":"https:\/\/www.gaggio.net\/en\/wp-json\/wp\/v2\/tags?post=1844"}],"curies":[{"name":"wp","href":"https:\/\/api.w.org\/{rel}","templated":true}]}}