{"id":13203,"date":"2022-05-26T10:23:35","date_gmt":"2022-05-26T08:23:35","guid":{"rendered":"https:\/\/www.gaggio.net\/gaggio-participara-en-el-salone-del-mobile-2022\/"},"modified":"2022-05-26T10:23:35","modified_gmt":"2022-05-26T08:23:35","slug":"gaggio-participara-en-el-salone-del-mobile-2022","status":"publish","type":"post","link":"https:\/\/www.gaggio.net\/es\/gaggio-participara-en-el-salone-del-mobile-2022\/","title":{"rendered":"Gaggio participar\u00e1 en el Salone del Mobile 2022"},"content":{"rendered":"<p>[et_pb_section fb_built=\u00bb1&#8243; custom_padding_last_edited=\u00bbon|tablet\u00bb _builder_version=\u00bb4.4.8&#8243; custom_margin=\u00bb0px||0px||true|false\u00bb custom_padding_tablet=\u00bb||||false|false\u00bb custom_padding_phone=\u00bb\u00bb global_colors_info=\u00bb{}\u00bb][et_pb_row custom_padding_last_edited=\u00bbon|phone\u00bb _builder_version=\u00bb4.4.8&#8243; custom_padding=\u00bb200px||||false|false\u00bb custom_padding_tablet=\u00bb100px||||false|false\u00bb custom_padding_phone=\u00bb\u00bb global_colors_info=\u00bb{}\u00bb][et_pb_column type=\u00bb4_4&#8243; _builder_version=\u00bb4.4.1&#8243; global_colors_info=\u00bb{}\u00bb][et_pb_post_title title=\u00bboff\u00bb author=\u00bboff\u00bb date_format=\u00bbj M, Y\u00bb categories=\u00bboff\u00bb comments=\u00bboff\u00bb featured_image=\u00bboff\u00bb _builder_version=\u00bb4.4.8&#8243; title_font=\u00bb|700|||||||\u00bb title_font_size=\u00bb60px\u00bb meta_font=\u00bb|300||on|||||\u00bb text_orientation=\u00bbcenter\u00bb width=\u00bb900px\u00bb width_tablet=\u00bb100%\u00bb width_phone=\u00bb100%\u00bb width_last_edited=\u00bbon|tablet\u00bb module_alignment=\u00bbcenter\u00bb global_colors_info=\u00bb{}\u00bb][\/et_pb_post_title][et_pb_post_title meta=\u00bboff\u00bb date_format=\u00bbj M, Y\u00bb featured_image=\u00bboff\u00bb _builder_version=\u00bb4.4.8&#8243; title_font=\u00bb|700|||||||\u00bb title_font_size=\u00bb60px\u00bb meta_font=\u00bb|300||on|||||\u00bb text_orientation=\u00bbcenter\u00bb width=\u00bb900px\u00bb width_tablet=\u00bb100%\u00bb width_phone=\u00bb100%\u00bb width_last_edited=\u00bbon|tablet\u00bb module_alignment=\u00bbcenter\u00bb custom_margin=\u00bb||0px||false|false\u00bb custom_padding=\u00bb||50px||false|false\u00bb global_colors_info=\u00bb{}\u00bb][\/et_pb_post_title][et_pb_post_title title=\u00bboff\u00bb meta=\u00bboff\u00bb date_format=\u00bbj M, Y\u00bb _builder_version=\u00bb4.4.8&#8243; title_font=\u00bb|700|||||||\u00bb title_font_size=\u00bb60px\u00bb meta_font=\u00bb|300||on|||||\u00bb text_orientation=\u00bbcenter\u00bb width=\u00bb900px\u00bb width_tablet=\u00bb100%\u00bb width_phone=\u00bb100%\u00bb width_last_edited=\u00bbon|tablet\u00bb module_alignment=\u00bbcenter\u00bb global_colors_info=\u00bb{}\u00bb][\/et_pb_post_title][\/et_pb_column][\/et_pb_row][et_pb_row _builder_version=\u00bb4.4.1&#8243; global_colors_info=\u00bb{}\u00bb][et_pb_column type=\u00bb4_4&#8243; _builder_version=\u00bb4.4.1&#8243; global_colors_info=\u00bb{}\u00bb][et_pb_text admin_label=\u00bbTesto\u00bb _builder_version=\u00bb4.14.4&#8243; text_font=\u00bb|300|||||||\u00bb width=\u00bb900px\u00bb width_tablet=\u00bb100%\u00bb width_phone=\u00bb100%\u00bb width_last_edited=\u00bbon|tablet\u00bb module_alignment=\u00bbcenter\u00bb custom_padding=\u00bb||50px||false|false\u00bb custom_padding_tablet=\u00bb||0px||false|false\u00bb custom_padding_phone=\u00bb\u00bb custom_padding_last_edited=\u00bbon|tablet\u00bb global_colors_info=\u00bb{}\u00bb]<\/p>\n<p>Gaggio Ombrelloni estar\u00e1 presente en el Salone del Mobile que se celebrar\u00e1 del <strong>7 al 12 de junio<\/strong> en Mil\u00e1n con su l\u00ednea Design.<\/p>\n<p>Vuelve el evento m\u00e1s importante en el campo del dise\u00f1o internacional, que contar\u00e1 con la participaci\u00f3n de <strong>Gaggio Ombrelloni con su l\u00ednea Design<\/strong> y las excepcionales <strong>novedades exclusivas<\/strong> que se presentar\u00e1n durante los d\u00edas de exposici\u00f3n. El espectacular stand, realizado en una versi\u00f3n total white and red, albergar\u00e1 las colecciones de la serie Pyramid y la l\u00ednea Design que siempre han aunado est\u00e9tica, facilidad de uso y tecnolog\u00eda llevada al m\u00e1s alto nivel, gracias al excelente trabajo de innovaci\u00f3n que la compa\u00f1\u00eda ha llevado a cabo durante 2022 con la <strong>colaboraci\u00f3n del estudio Roberto Pamio + Partners<\/strong>.  <\/p>\n<p>La evoluci\u00f3n de Pyramid y de la l\u00ednea Design confirma la elecci\u00f3n de la empresa de desarrollar paraguas polivalentes y est\u00e9ticamente atractivos. La innovaci\u00f3n es la base del \u00e9xito de los paraguas Gaggio, para continuar en esta direcci\u00f3n la empresa emplea cada vez m\u00e1s recursos en la Investigaci\u00f3n y Desarrollo de <strong>soluciones tecnol\u00f3gicas de vanguardia<\/strong>. <\/p>\n<p>La calidad de los productos Gaggio no pasa desapercibida, confirmada por la continua <strong>expansi\u00f3n hacia nuevos mercados internacionales<\/strong>. La empresa est\u00e1 invirtiendo para responder con prontitud y cada vez con mayor eficacia a las solicitudes de una clientela numerosa, diversa y exigente. <\/p>\n<p>[\/et_pb_text][et_pb_button button_url=\u00bbhttps:\/\/www.gaggio.net\/news\/\u00bb button_text=\u00bbVuelve a todas las novedades\u00bb button_alignment=\u00bbcenter\u00bb _builder_version=\u00bb4.13.0&#8243; custom_button=\u00bbon\u00bb button_text_size=\u00bb14px\u00bb button_text_color=\u00bb#ffffff\u00bb button_bg_color=\u00bb#e42620&#8243; button_border_color=\u00bb#e42620&#8243; button_border_radius=\u00bb0px\u00bb button_font=\u00bb|700||on|||||\u00bb button_icon=\u00bb&#x35;||divi||400&#8243; button_icon_color=\u00bb#ffffff\u00bb button_on_hover=\u00bboff\u00bb custom_margin=\u00bb50px|10px|||false|false\u00bb custom_padding=\u00bb10px|40px|10px|30px|true|false\u00bb animation_style=\u00bbfade\u00bb global_colors_info=\u00bb{}\u00bb button_bg_color__hover_enabled=\u00bbon|hover\u00bb button_bg_color__hover=\u00bb#666&#8243; button_bg_enable_color__hover=\u00bbon\u00bb button_border_color__hover_enabled=\u00bbon|hover\u00bb button_border_color__hover=\u00bb#666&#8243;][\/et_pb_button][\/et_pb_column][\/et_pb_row][\/et_pb_section]<\/p>\n","protected":false},"excerpt":{"rendered":"<p>Gaggio Ombrelloni estar\u00e1 presente en el Salone del Mobile que se celebrar\u00e1 del 7 al 12 de junio en Mil\u00e1n con su l\u00ednea Design. Vuelve el evento m\u00e1s importante en el campo del dise\u00f1o internacional, que contar\u00e1 con la participaci\u00f3n de Gaggio Ombrelloni con su l\u00ednea Design y las excepcionales novedades exclusivas que se presentar\u00e1n [&hellip;]<\/p>\n","protected":false},"author":1,"featured_media":13185,"comment_status":"closed","ping_status":"open","sticky":false,"template":"","format":"standard","meta":{"_et_pb_use_builder":"on","_et_pb_old_content":"","_et_gb_content_width":"","footnotes":""},"categories":[84],"tags":[],"class_list":["post-13203","post","type-post","status-publish","format-standard","has-post-thumbnail","hentry","category-news-es"],"yoast_head":"<!-- This site is optimized with the Yoast SEO plugin v27.3 - https:\/\/yoast.com\/product\/yoast-seo-wordpress\/ -->\n<title>Gaggio participar\u00e1 en el Salone del Mobile 2022 - Gaggio<\/title>\n<meta name=\"robots\" content=\"index, follow, max-snippet:-1, max-image-preview:large, max-video-preview:-1\" \/>\n<link rel=\"canonical\" href=\"https:\/\/www.gaggio.net\/gaggio-partecipera-al-salone-del-mobile-2022\/\" \/>\n<meta property=\"og:locale\" content=\"es_ES\" \/>\n<meta property=\"og:type\" content=\"article\" \/>\n<meta property=\"og:title\" content=\"Gaggio participar\u00e1 en el Salone del Mobile 2022 - Gaggio\" \/>\n<meta property=\"og:description\" content=\"Gaggio Ombrelloni estar\u00e1 presente en el Salone del Mobile que se celebrar\u00e1 del 7 al 12 de junio en Mil\u00e1n con su l\u00ednea Design. Vuelve el evento m\u00e1s importante en el campo del dise\u00f1o internacional, que contar\u00e1 con la participaci\u00f3n de Gaggio Ombrelloni con su l\u00ednea Design y las excepcionales novedades exclusivas que se presentar\u00e1n [&hellip;]\" \/>\n<meta property=\"og:url\" content=\"https:\/\/www.gaggio.net\/gaggio-partecipera-al-salone-del-mobile-2022\/\" \/>\n<meta property=\"og:site_name\" content=\"Gaggio\" \/>\n<meta property=\"article:published_time\" content=\"2022-05-26T08:23:35+00:00\" \/>\n<meta property=\"og:image\" content=\"https:\/\/www.gaggio.net\/wp-content\/uploads\/2022\/05\/Banner-salone-del-mobile-scaled.jpg\" \/>\n\t<meta property=\"og:image:width\" content=\"2560\" \/>\n\t<meta property=\"og:image:height\" content=\"1440\" \/>\n\t<meta property=\"og:image:type\" content=\"image\/jpeg\" \/>\n<meta name=\"author\" content=\"admin\" \/>\n<meta name=\"twitter:card\" content=\"summary_large_image\" \/>\n<meta name=\"twitter:label1\" content=\"Escrito por\" \/>\n\t<meta name=\"twitter:data1\" content=\"admin\" \/>\n\t<meta name=\"twitter:label2\" content=\"Tiempo de lectura\" \/>\n\t<meta name=\"twitter:data2\" content=\"3 minutos\" \/>\n<script type=\"application\/ld+json\" class=\"yoast-schema-graph\">{\"@context\":\"https:\\\/\\\/schema.org\",\"@graph\":[{\"@type\":\"Article\",\"@id\":\"https:\\\/\\\/www.gaggio.net\\\/gaggio-partecipera-al-salone-del-mobile-2022\\\/#article\",\"isPartOf\":{\"@id\":\"https:\\\/\\\/www.gaggio.net\\\/gaggio-partecipera-al-salone-del-mobile-2022\\\/\"},\"author\":{\"name\":\"admin\",\"@id\":\"\\\/#\\\/schema\\\/person\\\/77005813c0c8d724077d4d0122239dd9\"},\"headline\":\"Gaggio participar\u00e1 en el Salone del Mobile 2022\",\"datePublished\":\"2022-05-26T08:23:35+00:00\",\"mainEntityOfPage\":{\"@id\":\"https:\\\/\\\/www.gaggio.net\\\/gaggio-partecipera-al-salone-del-mobile-2022\\\/\"},\"wordCount\":670,\"image\":{\"@id\":\"https:\\\/\\\/www.gaggio.net\\\/gaggio-partecipera-al-salone-del-mobile-2022\\\/#primaryimage\"},\"thumbnailUrl\":\"https:\\\/\\\/www.gaggio.net\\\/wp-content\\\/uploads\\\/2022\\\/05\\\/Banner-salone-del-mobile-scaled.jpg\",\"articleSection\":[\"news\"],\"inLanguage\":\"es\"},{\"@type\":\"WebPage\",\"@id\":\"https:\\\/\\\/www.gaggio.net\\\/gaggio-partecipera-al-salone-del-mobile-2022\\\/\",\"url\":\"https:\\\/\\\/www.gaggio.net\\\/gaggio-partecipera-al-salone-del-mobile-2022\\\/\",\"name\":\"Gaggio participar\u00e1 en el Salone del Mobile 2022 - Gaggio\",\"isPartOf\":{\"@id\":\"\\\/#website\"},\"primaryImageOfPage\":{\"@id\":\"https:\\\/\\\/www.gaggio.net\\\/gaggio-partecipera-al-salone-del-mobile-2022\\\/#primaryimage\"},\"image\":{\"@id\":\"https:\\\/\\\/www.gaggio.net\\\/gaggio-partecipera-al-salone-del-mobile-2022\\\/#primaryimage\"},\"thumbnailUrl\":\"https:\\\/\\\/www.gaggio.net\\\/wp-content\\\/uploads\\\/2022\\\/05\\\/Banner-salone-del-mobile-scaled.jpg\",\"datePublished\":\"2022-05-26T08:23:35+00:00\",\"author\":{\"@id\":\"\\\/#\\\/schema\\\/person\\\/77005813c0c8d724077d4d0122239dd9\"},\"breadcrumb\":{\"@id\":\"https:\\\/\\\/www.gaggio.net\\\/gaggio-partecipera-al-salone-del-mobile-2022\\\/#breadcrumb\"},\"inLanguage\":\"es\",\"potentialAction\":[{\"@type\":\"ReadAction\",\"target\":[\"https:\\\/\\\/www.gaggio.net\\\/gaggio-partecipera-al-salone-del-mobile-2022\\\/\"]}]},{\"@type\":\"ImageObject\",\"inLanguage\":\"es\",\"@id\":\"https:\\\/\\\/www.gaggio.net\\\/gaggio-partecipera-al-salone-del-mobile-2022\\\/#primaryimage\",\"url\":\"https:\\\/\\\/www.gaggio.net\\\/wp-content\\\/uploads\\\/2022\\\/05\\\/Banner-salone-del-mobile-scaled.jpg\",\"contentUrl\":\"https:\\\/\\\/www.gaggio.net\\\/wp-content\\\/uploads\\\/2022\\\/05\\\/Banner-salone-del-mobile-scaled.jpg\",\"width\":2560,\"height\":1440},{\"@type\":\"BreadcrumbList\",\"@id\":\"https:\\\/\\\/www.gaggio.net\\\/gaggio-partecipera-al-salone-del-mobile-2022\\\/#breadcrumb\",\"itemListElement\":[{\"@type\":\"ListItem\",\"position\":1,\"name\":\"Home\",\"item\":\"https:\\\/\\\/www.gaggio.net\\\/\"},{\"@type\":\"ListItem\",\"position\":2,\"name\":\"Gaggio participar\u00e1 en el Salone del Mobile 2022\"}]},{\"@type\":\"WebSite\",\"@id\":\"\\\/#website\",\"url\":\"\\\/\",\"name\":\"Gaggio\",\"description\":\"Gaggio\",\"potentialAction\":[{\"@type\":\"SearchAction\",\"target\":{\"@type\":\"EntryPoint\",\"urlTemplate\":\"\\\/?s={search_term_string}\"},\"query-input\":{\"@type\":\"PropertyValueSpecification\",\"valueRequired\":true,\"valueName\":\"search_term_string\"}}],\"inLanguage\":\"es\"},{\"@type\":\"Person\",\"@id\":\"\\\/#\\\/schema\\\/person\\\/77005813c0c8d724077d4d0122239dd9\",\"name\":\"admin\",\"image\":{\"@type\":\"ImageObject\",\"inLanguage\":\"es\",\"@id\":\"https:\\\/\\\/secure.gravatar.com\\\/avatar\\\/4081c4f3a07ce0df47467fe2535bbf566bfaa1cdc62f7fbfff7a607ee7d752a6?s=96&d=mm&r=g\",\"url\":\"https:\\\/\\\/secure.gravatar.com\\\/avatar\\\/4081c4f3a07ce0df47467fe2535bbf566bfaa1cdc62f7fbfff7a607ee7d752a6?s=96&d=mm&r=g\",\"contentUrl\":\"https:\\\/\\\/secure.gravatar.com\\\/avatar\\\/4081c4f3a07ce0df47467fe2535bbf566bfaa1cdc62f7fbfff7a607ee7d752a6?s=96&d=mm&r=g\",\"caption\":\"admin\"},\"url\":\"https:\\\/\\\/www.gaggio.net\\\/es\\\/author\\\/admin\\\/\"}]}<\/script>\n<!-- \/ Yoast SEO plugin. -->","yoast_head_json":{"title":"Gaggio participar\u00e1 en el Salone del Mobile 2022 - Gaggio","robots":{"index":"index","follow":"follow","max-snippet":"max-snippet:-1","max-image-preview":"max-image-preview:large","max-video-preview":"max-video-preview:-1"},"canonical":"https:\/\/www.gaggio.net\/gaggio-partecipera-al-salone-del-mobile-2022\/","og_locale":"es_ES","og_type":"article","og_title":"Gaggio participar\u00e1 en el Salone del Mobile 2022 - Gaggio","og_description":"Gaggio Ombrelloni estar\u00e1 presente en el Salone del Mobile que se celebrar\u00e1 del 7 al 12 de junio en Mil\u00e1n con su l\u00ednea Design. Vuelve el evento m\u00e1s importante en el campo del dise\u00f1o internacional, que contar\u00e1 con la participaci\u00f3n de Gaggio Ombrelloni con su l\u00ednea Design y las excepcionales novedades exclusivas que se presentar\u00e1n [&hellip;]","og_url":"https:\/\/www.gaggio.net\/gaggio-partecipera-al-salone-del-mobile-2022\/","og_site_name":"Gaggio","article_published_time":"2022-05-26T08:23:35+00:00","og_image":[{"width":2560,"height":1440,"url":"https:\/\/www.gaggio.net\/wp-content\/uploads\/2022\/05\/Banner-salone-del-mobile-scaled.jpg","type":"image\/jpeg"}],"author":"admin","twitter_card":"summary_large_image","twitter_misc":{"Escrito por":"admin","Tiempo de lectura":"3 minutos"},"schema":{"@context":"https:\/\/schema.org","@graph":[{"@type":"Article","@id":"https:\/\/www.gaggio.net\/gaggio-partecipera-al-salone-del-mobile-2022\/#article","isPartOf":{"@id":"https:\/\/www.gaggio.net\/gaggio-partecipera-al-salone-del-mobile-2022\/"},"author":{"name":"admin","@id":"\/#\/schema\/person\/77005813c0c8d724077d4d0122239dd9"},"headline":"Gaggio participar\u00e1 en el Salone del Mobile 2022","datePublished":"2022-05-26T08:23:35+00:00","mainEntityOfPage":{"@id":"https:\/\/www.gaggio.net\/gaggio-partecipera-al-salone-del-mobile-2022\/"},"wordCount":670,"image":{"@id":"https:\/\/www.gaggio.net\/gaggio-partecipera-al-salone-del-mobile-2022\/#primaryimage"},"thumbnailUrl":"https:\/\/www.gaggio.net\/wp-content\/uploads\/2022\/05\/Banner-salone-del-mobile-scaled.jpg","articleSection":["news"],"inLanguage":"es"},{"@type":"WebPage","@id":"https:\/\/www.gaggio.net\/gaggio-partecipera-al-salone-del-mobile-2022\/","url":"https:\/\/www.gaggio.net\/gaggio-partecipera-al-salone-del-mobile-2022\/","name":"Gaggio participar\u00e1 en el Salone del Mobile 2022 - Gaggio","isPartOf":{"@id":"\/#website"},"primaryImageOfPage":{"@id":"https:\/\/www.gaggio.net\/gaggio-partecipera-al-salone-del-mobile-2022\/#primaryimage"},"image":{"@id":"https:\/\/www.gaggio.net\/gaggio-partecipera-al-salone-del-mobile-2022\/#primaryimage"},"thumbnailUrl":"https:\/\/www.gaggio.net\/wp-content\/uploads\/2022\/05\/Banner-salone-del-mobile-scaled.jpg","datePublished":"2022-05-26T08:23:35+00:00","author":{"@id":"\/#\/schema\/person\/77005813c0c8d724077d4d0122239dd9"},"breadcrumb":{"@id":"https:\/\/www.gaggio.net\/gaggio-partecipera-al-salone-del-mobile-2022\/#breadcrumb"},"inLanguage":"es","potentialAction":[{"@type":"ReadAction","target":["https:\/\/www.gaggio.net\/gaggio-partecipera-al-salone-del-mobile-2022\/"]}]},{"@type":"ImageObject","inLanguage":"es","@id":"https:\/\/www.gaggio.net\/gaggio-partecipera-al-salone-del-mobile-2022\/#primaryimage","url":"https:\/\/www.gaggio.net\/wp-content\/uploads\/2022\/05\/Banner-salone-del-mobile-scaled.jpg","contentUrl":"https:\/\/www.gaggio.net\/wp-content\/uploads\/2022\/05\/Banner-salone-del-mobile-scaled.jpg","width":2560,"height":1440},{"@type":"BreadcrumbList","@id":"https:\/\/www.gaggio.net\/gaggio-partecipera-al-salone-del-mobile-2022\/#breadcrumb","itemListElement":[{"@type":"ListItem","position":1,"name":"Home","item":"https:\/\/www.gaggio.net\/"},{"@type":"ListItem","position":2,"name":"Gaggio participar\u00e1 en el Salone del Mobile 2022"}]},{"@type":"WebSite","@id":"\/#website","url":"\/","name":"Gaggio","description":"Gaggio","potentialAction":[{"@type":"SearchAction","target":{"@type":"EntryPoint","urlTemplate":"\/?s={search_term_string}"},"query-input":{"@type":"PropertyValueSpecification","valueRequired":true,"valueName":"search_term_string"}}],"inLanguage":"es"},{"@type":"Person","@id":"\/#\/schema\/person\/77005813c0c8d724077d4d0122239dd9","name":"admin","image":{"@type":"ImageObject","inLanguage":"es","@id":"https:\/\/secure.gravatar.com\/avatar\/4081c4f3a07ce0df47467fe2535bbf566bfaa1cdc62f7fbfff7a607ee7d752a6?s=96&d=mm&r=g","url":"https:\/\/secure.gravatar.com\/avatar\/4081c4f3a07ce0df47467fe2535bbf566bfaa1cdc62f7fbfff7a607ee7d752a6?s=96&d=mm&r=g","contentUrl":"https:\/\/secure.gravatar.com\/avatar\/4081c4f3a07ce0df47467fe2535bbf566bfaa1cdc62f7fbfff7a607ee7d752a6?s=96&d=mm&r=g","caption":"admin"},"url":"https:\/\/www.gaggio.net\/es\/author\/admin\/"}]}},"_links":{"self":[{"href":"https:\/\/www.gaggio.net\/es\/wp-json\/wp\/v2\/posts\/13203","targetHints":{"allow":["GET"]}}],"collection":[{"href":"https:\/\/www.gaggio.net\/es\/wp-json\/wp\/v2\/posts"}],"about":[{"href":"https:\/\/www.gaggio.net\/es\/wp-json\/wp\/v2\/types\/post"}],"author":[{"embeddable":true,"href":"https:\/\/www.gaggio.net\/es\/wp-json\/wp\/v2\/users\/1"}],"replies":[{"embeddable":true,"href":"https:\/\/www.gaggio.net\/es\/wp-json\/wp\/v2\/comments?post=13203"}],"version-history":[{"count":2,"href":"https:\/\/www.gaggio.net\/es\/wp-json\/wp\/v2\/posts\/13203\/revisions"}],"predecessor-version":[{"id":13205,"href":"https:\/\/www.gaggio.net\/es\/wp-json\/wp\/v2\/posts\/13203\/revisions\/13205"}],"wp:featuredmedia":[{"embeddable":true,"href":"https:\/\/www.gaggio.net\/es\/wp-json\/wp\/v2\/media\/13185"}],"wp:attachment":[{"href":"https:\/\/www.gaggio.net\/es\/wp-json\/wp\/v2\/media?parent=13203"}],"wp:term":[{"taxonomy":"category","embeddable":true,"href":"https:\/\/www.gaggio.net\/es\/wp-json\/wp\/v2\/categories?post=13203"},{"taxonomy":"post_tag","embeddable":true,"href":"https:\/\/www.gaggio.net\/es\/wp-json\/wp\/v2\/tags?post=13203"}],"curies":[{"name":"wp","href":"https:\/\/api.w.org\/{rel}","templated":true}]}}